{"id":6559,"date":"2015-11-01T15:00:34","date_gmt":"2015-11-01T14:00:34","guid":{"rendered":"https:\/\/www.intercem.de\/?p=6559"},"modified":"2022-01-12T15:08:56","modified_gmt":"2022-01-12T14:08:56","slug":"a-continuer-la-plus-grosse-commande-de-lhistoire-de-lentreprise","status":"publish","type":"post","link":"https:\/\/www.intercem.de\/fr\/a-continuer-la-plus-grosse-commande-de-lhistoire-de-lentreprise\/","title":{"rendered":"\u00ab A continuer \u00bb \u2013 la plus grosse commande de l\u2019histoire de l\u2019entreprise"},"content":{"rendered":"<p>&nbsp;<\/p>\n<p>&nbsp;<\/p>\n<p>&nbsp;<\/p>\n<p>Le 30 octobre 2015, un contrat a \u00e9t\u00e9 sign\u00e9 entre CimIvoire et Intercem pour la construction d\u2019une usine de broyage de ciment dans le port d\u2019Abidjan, un des ports les plus importants d\u2019Afrique de l\u2019Ouest. Il s\u2019agit de la plus grande commande unique de l\u2019histoire d\u2019Intercem et du deuxi\u00e8me contrat entre les deux partenaires.<\/p>\n<p>La construction d\u2019une usine de broyage de ciment pour la soci\u00e9t\u00e9 s\u0153ur CIMFASO \u00e0 Ouagadougou, Burkina Faso (voir News), a convaincu le client en termes de qualit\u00e9, de d\u00e9lais et de co\u00fbts. La r\u00e9alisation du projet par Intercem conform\u00e9ment \u00e0 sa devise \u00ab Fair, Fast, Flexible \u00bb, le haut degr\u00e9 de confiance mutuelle, la forte fid\u00e9lit\u00e9 des clients et la disponibilit\u00e9 \u00ab 24 heures sur 24 \u00bb de l\u2019\u00e9quipe Intercem ont tellement impressionn\u00e9 le client qu\u2019il \u00e9tait int\u00e9ress\u00e9 par une coop\u00e9ration plus pouss\u00e9e.<\/p>\n<p>La nouvelle usine de broyage de ciment aura une capacit\u00e9 de 6500 tonnes par jour. Le contrat porte sur le transport du clinker et des mati\u00e8res premi\u00e8res du d\u00e9chargement du navire au stockage (deux silos \u00e0 clinker de 50 000 tonnes et un hall de stockage des mati\u00e8res premi\u00e8res), une usine de broyage avec broyeur vertical, quatre silos \u00e0 ciment de 5 500 tonnes, une usine de conditionnement compos\u00e9e de quatre lignes et quatre camions charg\u00e9s. Par ailleurs, une station de chargement de trains et de camions est pr\u00e9vue pour approvisionner l\u2019usine CIMFASO au Burkina Faso en clinker et en mati\u00e8res premi\u00e8res.<\/p>\n<p>Intercem fournit l\u2019ing\u00e9nierie, tous les composants m\u00e9caniques et \u00e9lectriques de l\u2019installation (exclusivement de fabricants europ\u00e9ens renomm\u00e9s), prend en charge la gestion du projet et, comme pour CIMFASO, le montage et la mise en service de l\u2019installation, le tout sous le slogan \u00ab Ne jamais changer une \u00e9quipe gagnante \u00bb.<\/p>\n<p>La dur\u00e9e du projet, qui n\u2019est que de 18 mois, est un grand d\u00e9fi. La planification fonctionne \u00e0 plein r\u00e9gime et un certain nombre de fournisseurs ont d\u00e9j\u00e0 \u00e9t\u00e9 engag\u00e9s. La mise en service de la centrale est pr\u00e9vue pour mai 2017.<\/p>\n<p>&nbsp;<\/p>\n","protected":false},"excerpt":{"rendered":"<p>&nbsp; &nbsp; &nbsp; Le 30 octobre 2015, un contrat a \u00e9t\u00e9 sign\u00e9 entre CimIvoire et Intercem pour la construction d\u2019une usine de [&hellip;]<\/p>\n","protected":false},"author":1,"featured_media":6552,"comment_status":"open","ping_status":"closed","sticky":false,"template":"","format":"standard","meta":{"_acf_changed":false,"inline_featured_image":false,"footnotes":""},"categories":[17],"tags":[],"class_list":["post-6559","post","type-post","status-publish","format-standard","has-post-thumbnail","hentry","category-non-classifiee"],"acf":[],"yoast_head":"<!-- This site is optimized with the Yoast SEO plugin v27.3 - https:\/\/yoast.com\/product\/yoast-seo-wordpress\/ -->\n<title>\u00ab A continuer \u00bb \u2013 la plus grosse commande de l\u2019histoire de l\u2019entreprise - Intercem<\/title>\n<meta name=\"robots\" content=\"index, follow, max-snippet:-1, max-image-preview:large, max-video-preview:-1\" \/>\n<link rel=\"canonical\" href=\"https:\/\/www.intercem.de\/fr\/a-continuer-la-plus-grosse-commande-de-lhistoire-de-lentreprise\/\" \/>\n<meta property=\"og:locale\" content=\"fr_FR\" \/>\n<meta property=\"og:type\" content=\"article\" \/>\n<meta property=\"og:title\" content=\"\u00ab A continuer \u00bb \u2013 la plus grosse commande de l\u2019histoire de l\u2019entreprise - Intercem\" \/>\n<meta property=\"og:description\" content=\"&nbsp; &nbsp; &nbsp; Le 30 octobre 2015, un contrat a \u00e9t\u00e9 sign\u00e9 entre CimIvoire et Intercem pour la construction d\u2019une usine de [&hellip;]\" \/>\n<meta property=\"og:url\" content=\"https:\/\/www.intercem.de\/fr\/a-continuer-la-plus-grosse-commande-de-lhistoire-de-lentreprise\/\" \/>\n<meta property=\"og:site_name\" content=\"Intercem\" \/>\n<meta property=\"article:published_time\" content=\"2015-11-01T14:00:34+00:00\" \/>\n<meta property=\"article:modified_time\" content=\"2022-01-12T14:08:56+00:00\" \/>\n<meta property=\"og:image\" content=\"https:\/\/www.intercem.de\/wp-content\/uploads\/vertrag.jpg\" \/>\n\t<meta property=\"og:image:width\" content=\"1920\" \/>\n\t<meta property=\"og:image:height\" content=\"1277\" \/>\n\t<meta property=\"og:image:type\" content=\"image\/jpeg\" \/>\n<meta name=\"author\" content=\"jungepartner\" \/>\n<meta name=\"twitter:card\" content=\"summary_large_image\" \/>\n<meta name=\"twitter:label1\" content=\"\u00c9crit par\" \/>\n\t<meta name=\"twitter:data1\" content=\"jungepartner\" \/>\n\t<meta name=\"twitter:label2\" content=\"Dur\u00e9e de lecture estim\u00e9e\" \/>\n\t<meta name=\"twitter:data2\" content=\"2 minutes\" \/>\n<script type=\"application\/ld+json\" class=\"yoast-schema-graph\">{\"@context\":\"https:\\\/\\\/schema.org\",\"@graph\":[{\"@type\":\"Article\",\"@id\":\"https:\\\/\\\/www.intercem.de\\\/fr\\\/a-continuer-la-plus-grosse-commande-de-lhistoire-de-lentreprise\\\/#article\",\"isPartOf\":{\"@id\":\"https:\\\/\\\/www.intercem.de\\\/fr\\\/a-continuer-la-plus-grosse-commande-de-lhistoire-de-lentreprise\\\/\"},\"author\":{\"name\":\"jungepartner\",\"@id\":\"https:\\\/\\\/www.intercem.de\\\/fr\\\/#\\\/schema\\\/person\\\/459e676f0cacfd4d8d4881bf48831864\"},\"headline\":\"\u00ab A continuer \u00bb \u2013 la plus grosse commande de l\u2019histoire de l\u2019entreprise\",\"datePublished\":\"2015-11-01T14:00:34+00:00\",\"dateModified\":\"2022-01-12T14:08:56+00:00\",\"mainEntityOfPage\":{\"@id\":\"https:\\\/\\\/www.intercem.de\\\/fr\\\/a-continuer-la-plus-grosse-commande-de-lhistoire-de-lentreprise\\\/\"},\"wordCount\":370,\"commentCount\":0,\"publisher\":{\"@id\":\"https:\\\/\\\/www.intercem.de\\\/fr\\\/#organization\"},\"image\":{\"@id\":\"https:\\\/\\\/www.intercem.de\\\/fr\\\/a-continuer-la-plus-grosse-commande-de-lhistoire-de-lentreprise\\\/#primaryimage\"},\"thumbnailUrl\":\"https:\\\/\\\/www.intercem.de\\\/wp-content\\\/uploads\\\/vertrag.jpg\",\"articleSection\":[\"Non classifi\u00e9(e)\"],\"inLanguage\":\"fr-FR\",\"potentialAction\":[{\"@type\":\"CommentAction\",\"name\":\"Comment\",\"target\":[\"https:\\\/\\\/www.intercem.de\\\/fr\\\/a-continuer-la-plus-grosse-commande-de-lhistoire-de-lentreprise\\\/#respond\"]}]},{\"@type\":\"WebPage\",\"@id\":\"https:\\\/\\\/www.intercem.de\\\/fr\\\/a-continuer-la-plus-grosse-commande-de-lhistoire-de-lentreprise\\\/\",\"url\":\"https:\\\/\\\/www.intercem.de\\\/fr\\\/a-continuer-la-plus-grosse-commande-de-lhistoire-de-lentreprise\\\/\",\"name\":\"\u00ab A continuer \u00bb \u2013 la plus grosse commande de l\u2019histoire de l\u2019entreprise - Intercem\",\"isPartOf\":{\"@id\":\"https:\\\/\\\/www.intercem.de\\\/fr\\\/#website\"},\"primaryImageOfPage\":{\"@id\":\"https:\\\/\\\/www.intercem.de\\\/fr\\\/a-continuer-la-plus-grosse-commande-de-lhistoire-de-lentreprise\\\/#primaryimage\"},\"image\":{\"@id\":\"https:\\\/\\\/www.intercem.de\\\/fr\\\/a-continuer-la-plus-grosse-commande-de-lhistoire-de-lentreprise\\\/#primaryimage\"},\"thumbnailUrl\":\"https:\\\/\\\/www.intercem.de\\\/wp-content\\\/uploads\\\/vertrag.jpg\",\"datePublished\":\"2015-11-01T14:00:34+00:00\",\"dateModified\":\"2022-01-12T14:08:56+00:00\",\"breadcrumb\":{\"@id\":\"https:\\\/\\\/www.intercem.de\\\/fr\\\/a-continuer-la-plus-grosse-commande-de-lhistoire-de-lentreprise\\\/#breadcrumb\"},\"inLanguage\":\"fr-FR\",\"potentialAction\":[{\"@type\":\"ReadAction\",\"target\":[\"https:\\\/\\\/www.intercem.de\\\/fr\\\/a-continuer-la-plus-grosse-commande-de-lhistoire-de-lentreprise\\\/\"]}]},{\"@type\":\"ImageObject\",\"inLanguage\":\"fr-FR\",\"@id\":\"https:\\\/\\\/www.intercem.de\\\/fr\\\/a-continuer-la-plus-grosse-commande-de-lhistoire-de-lentreprise\\\/#primaryimage\",\"url\":\"https:\\\/\\\/www.intercem.de\\\/wp-content\\\/uploads\\\/vertrag.jpg\",\"contentUrl\":\"https:\\\/\\\/www.intercem.de\\\/wp-content\\\/uploads\\\/vertrag.jpg\",\"width\":1920,\"height\":1277},{\"@type\":\"BreadcrumbList\",\"@id\":\"https:\\\/\\\/www.intercem.de\\\/fr\\\/a-continuer-la-plus-grosse-commande-de-lhistoire-de-lentreprise\\\/#breadcrumb\",\"itemListElement\":[{\"@type\":\"ListItem\",\"position\":1,\"name\":\"Startseite\",\"item\":\"https:\\\/\\\/www.intercem.de\\\/fr\\\/startseite\\\/\"},{\"@type\":\"ListItem\",\"position\":2,\"name\":\"\u00ab A continuer \u00bb \u2013 la plus grosse commande de l\u2019histoire de l\u2019entreprise\"}]},{\"@type\":\"WebSite\",\"@id\":\"https:\\\/\\\/www.intercem.de\\\/fr\\\/#website\",\"url\":\"https:\\\/\\\/www.intercem.de\\\/fr\\\/\",\"name\":\"Intercem\",\"description\":\"\",\"publisher\":{\"@id\":\"https:\\\/\\\/www.intercem.de\\\/fr\\\/#organization\"},\"potentialAction\":[{\"@type\":\"SearchAction\",\"target\":{\"@type\":\"EntryPoint\",\"urlTemplate\":\"https:\\\/\\\/www.intercem.de\\\/fr\\\/?s={search_term_string}\"},\"query-input\":{\"@type\":\"PropertyValueSpecification\",\"valueRequired\":true,\"valueName\":\"search_term_string\"}}],\"inLanguage\":\"fr-FR\"},{\"@type\":\"Organization\",\"@id\":\"https:\\\/\\\/www.intercem.de\\\/fr\\\/#organization\",\"name\":\"Intersem\",\"url\":\"https:\\\/\\\/www.intercem.de\\\/fr\\\/\",\"logo\":{\"@type\":\"ImageObject\",\"inLanguage\":\"fr-FR\",\"@id\":\"https:\\\/\\\/www.intercem.de\\\/fr\\\/#\\\/schema\\\/logo\\\/image\\\/\",\"url\":\"https:\\\/\\\/www.intercem.de\\\/wp-content\\\/uploads\\\/intercem-logo.svg\",\"contentUrl\":\"https:\\\/\\\/www.intercem.de\\\/wp-content\\\/uploads\\\/intercem-logo.svg\",\"width\":\"1024\",\"height\":\"1024\",\"caption\":\"Intersem\"},\"image\":{\"@id\":\"https:\\\/\\\/www.intercem.de\\\/fr\\\/#\\\/schema\\\/logo\\\/image\\\/\"}},{\"@type\":\"Person\",\"@id\":\"https:\\\/\\\/www.intercem.de\\\/fr\\\/#\\\/schema\\\/person\\\/459e676f0cacfd4d8d4881bf48831864\",\"name\":\"jungepartner\",\"image\":{\"@type\":\"ImageObject\",\"inLanguage\":\"fr-FR\",\"@id\":\"https:\\\/\\\/secure.gravatar.com\\\/avatar\\\/e21b1762394429654fc6fef06c277cda68135f5c3801ce45b5bebac587ef96c3?s=96&d=mm&r=g\",\"url\":\"https:\\\/\\\/secure.gravatar.com\\\/avatar\\\/e21b1762394429654fc6fef06c277cda68135f5c3801ce45b5bebac587ef96c3?s=96&d=mm&r=g\",\"contentUrl\":\"https:\\\/\\\/secure.gravatar.com\\\/avatar\\\/e21b1762394429654fc6fef06c277cda68135f5c3801ce45b5bebac587ef96c3?s=96&d=mm&r=g\",\"caption\":\"jungepartner\"},\"url\":\"https:\\\/\\\/www.intercem.de\\\/fr\\\/author\\\/jungepartner\\\/\"}]}<\/script>\n<!-- \/ Yoast SEO plugin. -->","yoast_head_json":{"title":"\u00ab A continuer \u00bb \u2013 la plus grosse commande de l\u2019histoire de l\u2019entreprise - Intercem","robots":{"index":"index","follow":"follow","max-snippet":"max-snippet:-1","max-image-preview":"max-image-preview:large","max-video-preview":"max-video-preview:-1"},"canonical":"https:\/\/www.intercem.de\/fr\/a-continuer-la-plus-grosse-commande-de-lhistoire-de-lentreprise\/","og_locale":"fr_FR","og_type":"article","og_title":"\u00ab A continuer \u00bb \u2013 la plus grosse commande de l\u2019histoire de l\u2019entreprise - Intercem","og_description":"&nbsp; &nbsp; &nbsp; Le 30 octobre 2015, un contrat a \u00e9t\u00e9 sign\u00e9 entre CimIvoire et Intercem pour la construction d\u2019une usine de [&hellip;]","og_url":"https:\/\/www.intercem.de\/fr\/a-continuer-la-plus-grosse-commande-de-lhistoire-de-lentreprise\/","og_site_name":"Intercem","article_published_time":"2015-11-01T14:00:34+00:00","article_modified_time":"2022-01-12T14:08:56+00:00","og_image":[{"width":1920,"height":1277,"url":"https:\/\/www.intercem.de\/wp-content\/uploads\/vertrag.jpg","type":"image\/jpeg"}],"author":"jungepartner","twitter_card":"summary_large_image","twitter_misc":{"\u00c9crit par":"jungepartner","Dur\u00e9e de lecture estim\u00e9e":"2 minutes"},"schema":{"@context":"https:\/\/schema.org","@graph":[{"@type":"Article","@id":"https:\/\/www.intercem.de\/fr\/a-continuer-la-plus-grosse-commande-de-lhistoire-de-lentreprise\/#article","isPartOf":{"@id":"https:\/\/www.intercem.de\/fr\/a-continuer-la-plus-grosse-commande-de-lhistoire-de-lentreprise\/"},"author":{"name":"jungepartner","@id":"https:\/\/www.intercem.de\/fr\/#\/schema\/person\/459e676f0cacfd4d8d4881bf48831864"},"headline":"\u00ab A continuer \u00bb \u2013 la plus grosse commande de l\u2019histoire de l\u2019entreprise","datePublished":"2015-11-01T14:00:34+00:00","dateModified":"2022-01-12T14:08:56+00:00","mainEntityOfPage":{"@id":"https:\/\/www.intercem.de\/fr\/a-continuer-la-plus-grosse-commande-de-lhistoire-de-lentreprise\/"},"wordCount":370,"commentCount":0,"publisher":{"@id":"https:\/\/www.intercem.de\/fr\/#organization"},"image":{"@id":"https:\/\/www.intercem.de\/fr\/a-continuer-la-plus-grosse-commande-de-lhistoire-de-lentreprise\/#primaryimage"},"thumbnailUrl":"https:\/\/www.intercem.de\/wp-content\/uploads\/vertrag.jpg","articleSection":["Non classifi\u00e9(e)"],"inLanguage":"fr-FR","potentialAction":[{"@type":"CommentAction","name":"Comment","target":["https:\/\/www.intercem.de\/fr\/a-continuer-la-plus-grosse-commande-de-lhistoire-de-lentreprise\/#respond"]}]},{"@type":"WebPage","@id":"https:\/\/www.intercem.de\/fr\/a-continuer-la-plus-grosse-commande-de-lhistoire-de-lentreprise\/","url":"https:\/\/www.intercem.de\/fr\/a-continuer-la-plus-grosse-commande-de-lhistoire-de-lentreprise\/","name":"\u00ab A continuer \u00bb \u2013 la plus grosse commande de l\u2019histoire de l\u2019entreprise - Intercem","isPartOf":{"@id":"https:\/\/www.intercem.de\/fr\/#website"},"primaryImageOfPage":{"@id":"https:\/\/www.intercem.de\/fr\/a-continuer-la-plus-grosse-commande-de-lhistoire-de-lentreprise\/#primaryimage"},"image":{"@id":"https:\/\/www.intercem.de\/fr\/a-continuer-la-plus-grosse-commande-de-lhistoire-de-lentreprise\/#primaryimage"},"thumbnailUrl":"https:\/\/www.intercem.de\/wp-content\/uploads\/vertrag.jpg","datePublished":"2015-11-01T14:00:34+00:00","dateModified":"2022-01-12T14:08:56+00:00","breadcrumb":{"@id":"https:\/\/www.intercem.de\/fr\/a-continuer-la-plus-grosse-commande-de-lhistoire-de-lentreprise\/#breadcrumb"},"inLanguage":"fr-FR","potentialAction":[{"@type":"ReadAction","target":["https:\/\/www.intercem.de\/fr\/a-continuer-la-plus-grosse-commande-de-lhistoire-de-lentreprise\/"]}]},{"@type":"ImageObject","inLanguage":"fr-FR","@id":"https:\/\/www.intercem.de\/fr\/a-continuer-la-plus-grosse-commande-de-lhistoire-de-lentreprise\/#primaryimage","url":"https:\/\/www.intercem.de\/wp-content\/uploads\/vertrag.jpg","contentUrl":"https:\/\/www.intercem.de\/wp-content\/uploads\/vertrag.jpg","width":1920,"height":1277},{"@type":"BreadcrumbList","@id":"https:\/\/www.intercem.de\/fr\/a-continuer-la-plus-grosse-commande-de-lhistoire-de-lentreprise\/#breadcrumb","itemListElement":[{"@type":"ListItem","position":1,"name":"Startseite","item":"https:\/\/www.intercem.de\/fr\/startseite\/"},{"@type":"ListItem","position":2,"name":"\u00ab A continuer \u00bb \u2013 la plus grosse commande de l\u2019histoire de l\u2019entreprise"}]},{"@type":"WebSite","@id":"https:\/\/www.intercem.de\/fr\/#website","url":"https:\/\/www.intercem.de\/fr\/","name":"Intercem","description":"","publisher":{"@id":"https:\/\/www.intercem.de\/fr\/#organization"},"potentialAction":[{"@type":"SearchAction","target":{"@type":"EntryPoint","urlTemplate":"https:\/\/www.intercem.de\/fr\/?s={search_term_string}"},"query-input":{"@type":"PropertyValueSpecification","valueRequired":true,"valueName":"search_term_string"}}],"inLanguage":"fr-FR"},{"@type":"Organization","@id":"https:\/\/www.intercem.de\/fr\/#organization","name":"Intersem","url":"https:\/\/www.intercem.de\/fr\/","logo":{"@type":"ImageObject","inLanguage":"fr-FR","@id":"https:\/\/www.intercem.de\/fr\/#\/schema\/logo\/image\/","url":"https:\/\/www.intercem.de\/wp-content\/uploads\/intercem-logo.svg","contentUrl":"https:\/\/www.intercem.de\/wp-content\/uploads\/intercem-logo.svg","width":"1024","height":"1024","caption":"Intersem"},"image":{"@id":"https:\/\/www.intercem.de\/fr\/#\/schema\/logo\/image\/"}},{"@type":"Person","@id":"https:\/\/www.intercem.de\/fr\/#\/schema\/person\/459e676f0cacfd4d8d4881bf48831864","name":"jungepartner","image":{"@type":"ImageObject","inLanguage":"fr-FR","@id":"https:\/\/secure.gravatar.com\/avatar\/e21b1762394429654fc6fef06c277cda68135f5c3801ce45b5bebac587ef96c3?s=96&d=mm&r=g","url":"https:\/\/secure.gravatar.com\/avatar\/e21b1762394429654fc6fef06c277cda68135f5c3801ce45b5bebac587ef96c3?s=96&d=mm&r=g","contentUrl":"https:\/\/secure.gravatar.com\/avatar\/e21b1762394429654fc6fef06c277cda68135f5c3801ce45b5bebac587ef96c3?s=96&d=mm&r=g","caption":"jungepartner"},"url":"https:\/\/www.intercem.de\/fr\/author\/jungepartner\/"}]}},"_links":{"self":[{"href":"https:\/\/www.intercem.de\/fr\/wp-json\/wp\/v2\/posts\/6559","targetHints":{"allow":["GET"]}}],"collection":[{"href":"https:\/\/www.intercem.de\/fr\/wp-json\/wp\/v2\/posts"}],"about":[{"href":"https:\/\/www.intercem.de\/fr\/wp-json\/wp\/v2\/types\/post"}],"author":[{"embeddable":true,"href":"https:\/\/www.intercem.de\/fr\/wp-json\/wp\/v2\/users\/1"}],"replies":[{"embeddable":true,"href":"https:\/\/www.intercem.de\/fr\/wp-json\/wp\/v2\/comments?post=6559"}],"version-history":[{"count":2,"href":"https:\/\/www.intercem.de\/fr\/wp-json\/wp\/v2\/posts\/6559\/revisions"}],"predecessor-version":[{"id":6564,"href":"https:\/\/www.intercem.de\/fr\/wp-json\/wp\/v2\/posts\/6559\/revisions\/6564"}],"wp:featuredmedia":[{"embeddable":true,"href":"https:\/\/www.intercem.de\/fr\/wp-json\/wp\/v2\/media\/6552"}],"wp:attachment":[{"href":"https:\/\/www.intercem.de\/fr\/wp-json\/wp\/v2\/media?parent=6559"}],"wp:term":[{"taxonomy":"category","embeddable":true,"href":"https:\/\/www.intercem.de\/fr\/wp-json\/wp\/v2\/categories?post=6559"},{"taxonomy":"post_tag","embeddable":true,"href":"https:\/\/www.intercem.de\/fr\/wp-json\/wp\/v2\/tags?post=6559"}],"curies":[{"name":"wp","href":"https:\/\/api.w.org\/{rel}","templated":true}]}}