{"id":6495,"date":"2017-01-08T14:15:40","date_gmt":"2017-01-08T13:15:40","guid":{"rendered":"https:\/\/www.intercem.de\/?p=6495"},"modified":"2022-01-12T14:19:54","modified_gmt":"2022-01-12T13:19:54","slug":"cote-divoire-nouvelle-commande-pour-intercem-par-sea-invest","status":"publish","type":"post","link":"https:\/\/www.intercem.de\/fr\/cote-divoire-nouvelle-commande-pour-intercem-par-sea-invest\/","title":{"rendered":"C\u00f4te d\u2019Ivoire-Nouvelle commande pour Intercem par Sea Invest"},"content":{"rendered":"<p>&nbsp;<\/p>\n<p>&nbsp;<\/p>\n<p>En relation avec la commande en cours d\u2019une station de broyage et d\u2019emballage de ciment d\u2019une capacit\u00e9 de 8000 tpd pour CIM IVOIRE \u00e0 Abidjan\/C\u00f4te d\u2019Ivoire, Intercem a obtenu une commande additionnelle de Sea Invest pour le transport des mati\u00e8res premi\u00e8res du nouveau ECO Hopper aux silos de clinker et au stockage des additives.<\/p>\n<p>Cette commande comprend la livraison de convoyeurs \u00e0 auge ainsi que tous les composants li\u00e9s et la tour de transfert sur une base EPC \u2013 de la pose de pieux, les travaux de fondation, la construction m\u00e9tallique, le rev\u00eatement des b\u00e2timents, la couverture des portiques \u00e0 bande, les filtres et les goulottes n\u00e9cessaires jusqu\u2019\u00e0 l\u2019\u00e9quipement \u00e9lectrique, le montage et la mise en service.<\/p>\n<p>L\u2019\u00e9tendue des prestations inclut en plus de la part d\u2019Intercem la mesure en 3D scanning des donn\u00e9s sur place et aussi l\u2019ing\u00e9nierie m\u00e9canique, \u00e9lectrique et civile.<\/p>\n<p>La mise en service est pr\u00e9vue pour le quatri\u00e8me trimestre de 2017 pour assurer l\u2019alimentation en mati\u00e8res premi\u00e8res de CIM IVOIRE. Une extension par d\u2019autres convoyeurs \u00e0 auge est planifi\u00e9e pour correspondre aux besoins exigeants en mati\u00e8res premi\u00e8res de l\u2019industrie de ciment du pays dans le futur.<\/p>\n<p>&nbsp;<\/p>\n","protected":false},"excerpt":{"rendered":"<p>&nbsp; &nbsp; En relation avec la commande en cours d\u2019une station de broyage et d\u2019emballage de ciment d\u2019une capacit\u00e9 de 8000 tpd [&hellip;]<\/p>\n","protected":false},"author":1,"featured_media":6490,"comment_status":"open","ping_status":"closed","sticky":false,"template":"","format":"standard","meta":{"_acf_changed":false,"inline_featured_image":false,"footnotes":""},"categories":[17],"tags":[],"class_list":["post-6495","post","type-post","status-publish","format-standard","has-post-thumbnail","hentry","category-non-classifiee"],"acf":[],"yoast_head":"<!-- This site is optimized with the Yoast SEO plugin v27.3 - https:\/\/yoast.com\/product\/yoast-seo-wordpress\/ -->\n<title>C\u00f4te d\u2019Ivoire-Nouvelle commande pour Intercem par Sea Invest - Intercem<\/title>\n<meta name=\"robots\" content=\"index, follow, max-snippet:-1, max-image-preview:large, max-video-preview:-1\" \/>\n<link rel=\"canonical\" href=\"https:\/\/www.intercem.de\/fr\/cote-divoire-nouvelle-commande-pour-intercem-par-sea-invest\/\" \/>\n<meta property=\"og:locale\" content=\"fr_FR\" \/>\n<meta property=\"og:type\" content=\"article\" \/>\n<meta property=\"og:title\" content=\"C\u00f4te d\u2019Ivoire-Nouvelle commande pour Intercem par Sea Invest - Intercem\" \/>\n<meta property=\"og:description\" content=\"&nbsp; &nbsp; En relation avec la commande en cours d\u2019une station de broyage et d\u2019emballage de ciment d\u2019une capacit\u00e9 de 8000 tpd [&hellip;]\" \/>\n<meta property=\"og:url\" content=\"https:\/\/www.intercem.de\/fr\/cote-divoire-nouvelle-commande-pour-intercem-par-sea-invest\/\" \/>\n<meta property=\"og:site_name\" content=\"Intercem\" \/>\n<meta property=\"article:published_time\" content=\"2017-01-08T13:15:40+00:00\" \/>\n<meta property=\"article:modified_time\" content=\"2022-01-12T13:19:54+00:00\" \/>\n<meta property=\"og:image\" content=\"https:\/\/www.intercem.de\/wp-content\/uploads\/Masterlayout_CIM-IVOIRE-klein.jpg\" \/>\n\t<meta property=\"og:image:width\" content=\"800\" \/>\n\t<meta property=\"og:image:height\" content=\"570\" \/>\n\t<meta property=\"og:image:type\" content=\"image\/jpeg\" \/>\n<meta name=\"author\" content=\"jungepartner\" \/>\n<meta name=\"twitter:card\" content=\"summary_large_image\" \/>\n<meta name=\"twitter:label1\" content=\"\u00c9crit par\" \/>\n\t<meta name=\"twitter:data1\" content=\"jungepartner\" \/>\n\t<meta name=\"twitter:label2\" content=\"Dur\u00e9e de lecture estim\u00e9e\" \/>\n\t<meta name=\"twitter:data2\" content=\"1 minute\" \/>\n<script type=\"application\/ld+json\" class=\"yoast-schema-graph\">{\"@context\":\"https:\\\/\\\/schema.org\",\"@graph\":[{\"@type\":\"Article\",\"@id\":\"https:\\\/\\\/www.intercem.de\\\/fr\\\/cote-divoire-nouvelle-commande-pour-intercem-par-sea-invest\\\/#article\",\"isPartOf\":{\"@id\":\"https:\\\/\\\/www.intercem.de\\\/fr\\\/cote-divoire-nouvelle-commande-pour-intercem-par-sea-invest\\\/\"},\"author\":{\"name\":\"jungepartner\",\"@id\":\"https:\\\/\\\/www.intercem.de\\\/fr\\\/#\\\/schema\\\/person\\\/459e676f0cacfd4d8d4881bf48831864\"},\"headline\":\"C\u00f4te d\u2019Ivoire-Nouvelle commande pour Intercem par Sea Invest\",\"datePublished\":\"2017-01-08T13:15:40+00:00\",\"dateModified\":\"2022-01-12T13:19:54+00:00\",\"mainEntityOfPage\":{\"@id\":\"https:\\\/\\\/www.intercem.de\\\/fr\\\/cote-divoire-nouvelle-commande-pour-intercem-par-sea-invest\\\/\"},\"wordCount\":226,\"commentCount\":0,\"publisher\":{\"@id\":\"https:\\\/\\\/www.intercem.de\\\/fr\\\/#organization\"},\"image\":{\"@id\":\"https:\\\/\\\/www.intercem.de\\\/fr\\\/cote-divoire-nouvelle-commande-pour-intercem-par-sea-invest\\\/#primaryimage\"},\"thumbnailUrl\":\"https:\\\/\\\/www.intercem.de\\\/wp-content\\\/uploads\\\/Masterlayout_CIM-IVOIRE-klein.jpg\",\"articleSection\":[\"Non classifi\u00e9(e)\"],\"inLanguage\":\"fr-FR\",\"potentialAction\":[{\"@type\":\"CommentAction\",\"name\":\"Comment\",\"target\":[\"https:\\\/\\\/www.intercem.de\\\/fr\\\/cote-divoire-nouvelle-commande-pour-intercem-par-sea-invest\\\/#respond\"]}]},{\"@type\":\"WebPage\",\"@id\":\"https:\\\/\\\/www.intercem.de\\\/fr\\\/cote-divoire-nouvelle-commande-pour-intercem-par-sea-invest\\\/\",\"url\":\"https:\\\/\\\/www.intercem.de\\\/fr\\\/cote-divoire-nouvelle-commande-pour-intercem-par-sea-invest\\\/\",\"name\":\"C\u00f4te d\u2019Ivoire-Nouvelle commande pour Intercem par Sea Invest - Intercem\",\"isPartOf\":{\"@id\":\"https:\\\/\\\/www.intercem.de\\\/fr\\\/#website\"},\"primaryImageOfPage\":{\"@id\":\"https:\\\/\\\/www.intercem.de\\\/fr\\\/cote-divoire-nouvelle-commande-pour-intercem-par-sea-invest\\\/#primaryimage\"},\"image\":{\"@id\":\"https:\\\/\\\/www.intercem.de\\\/fr\\\/cote-divoire-nouvelle-commande-pour-intercem-par-sea-invest\\\/#primaryimage\"},\"thumbnailUrl\":\"https:\\\/\\\/www.intercem.de\\\/wp-content\\\/uploads\\\/Masterlayout_CIM-IVOIRE-klein.jpg\",\"datePublished\":\"2017-01-08T13:15:40+00:00\",\"dateModified\":\"2022-01-12T13:19:54+00:00\",\"breadcrumb\":{\"@id\":\"https:\\\/\\\/www.intercem.de\\\/fr\\\/cote-divoire-nouvelle-commande-pour-intercem-par-sea-invest\\\/#breadcrumb\"},\"inLanguage\":\"fr-FR\",\"potentialAction\":[{\"@type\":\"ReadAction\",\"target\":[\"https:\\\/\\\/www.intercem.de\\\/fr\\\/cote-divoire-nouvelle-commande-pour-intercem-par-sea-invest\\\/\"]}]},{\"@type\":\"ImageObject\",\"inLanguage\":\"fr-FR\",\"@id\":\"https:\\\/\\\/www.intercem.de\\\/fr\\\/cote-divoire-nouvelle-commande-pour-intercem-par-sea-invest\\\/#primaryimage\",\"url\":\"https:\\\/\\\/www.intercem.de\\\/wp-content\\\/uploads\\\/Masterlayout_CIM-IVOIRE-klein.jpg\",\"contentUrl\":\"https:\\\/\\\/www.intercem.de\\\/wp-content\\\/uploads\\\/Masterlayout_CIM-IVOIRE-klein.jpg\",\"width\":800,\"height\":570,\"caption\":\"Masterlayout CIM IVOIRE\"},{\"@type\":\"BreadcrumbList\",\"@id\":\"https:\\\/\\\/www.intercem.de\\\/fr\\\/cote-divoire-nouvelle-commande-pour-intercem-par-sea-invest\\\/#breadcrumb\",\"itemListElement\":[{\"@type\":\"ListItem\",\"position\":1,\"name\":\"Startseite\",\"item\":\"https:\\\/\\\/www.intercem.de\\\/fr\\\/startseite\\\/\"},{\"@type\":\"ListItem\",\"position\":2,\"name\":\"C\u00f4te d\u2019Ivoire-Nouvelle commande pour Intercem par Sea Invest\"}]},{\"@type\":\"WebSite\",\"@id\":\"https:\\\/\\\/www.intercem.de\\\/fr\\\/#website\",\"url\":\"https:\\\/\\\/www.intercem.de\\\/fr\\\/\",\"name\":\"Intercem\",\"description\":\"\",\"publisher\":{\"@id\":\"https:\\\/\\\/www.intercem.de\\\/fr\\\/#organization\"},\"potentialAction\":[{\"@type\":\"SearchAction\",\"target\":{\"@type\":\"EntryPoint\",\"urlTemplate\":\"https:\\\/\\\/www.intercem.de\\\/fr\\\/?s={search_term_string}\"},\"query-input\":{\"@type\":\"PropertyValueSpecification\",\"valueRequired\":true,\"valueName\":\"search_term_string\"}}],\"inLanguage\":\"fr-FR\"},{\"@type\":\"Organization\",\"@id\":\"https:\\\/\\\/www.intercem.de\\\/fr\\\/#organization\",\"name\":\"Intersem\",\"url\":\"https:\\\/\\\/www.intercem.de\\\/fr\\\/\",\"logo\":{\"@type\":\"ImageObject\",\"inLanguage\":\"fr-FR\",\"@id\":\"https:\\\/\\\/www.intercem.de\\\/fr\\\/#\\\/schema\\\/logo\\\/image\\\/\",\"url\":\"https:\\\/\\\/www.intercem.de\\\/wp-content\\\/uploads\\\/intercem-logo.svg\",\"contentUrl\":\"https:\\\/\\\/www.intercem.de\\\/wp-content\\\/uploads\\\/intercem-logo.svg\",\"width\":\"1024\",\"height\":\"1024\",\"caption\":\"Intersem\"},\"image\":{\"@id\":\"https:\\\/\\\/www.intercem.de\\\/fr\\\/#\\\/schema\\\/logo\\\/image\\\/\"}},{\"@type\":\"Person\",\"@id\":\"https:\\\/\\\/www.intercem.de\\\/fr\\\/#\\\/schema\\\/person\\\/459e676f0cacfd4d8d4881bf48831864\",\"name\":\"jungepartner\",\"image\":{\"@type\":\"ImageObject\",\"inLanguage\":\"fr-FR\",\"@id\":\"https:\\\/\\\/secure.gravatar.com\\\/avatar\\\/e21b1762394429654fc6fef06c277cda68135f5c3801ce45b5bebac587ef96c3?s=96&d=mm&r=g\",\"url\":\"https:\\\/\\\/secure.gravatar.com\\\/avatar\\\/e21b1762394429654fc6fef06c277cda68135f5c3801ce45b5bebac587ef96c3?s=96&d=mm&r=g\",\"contentUrl\":\"https:\\\/\\\/secure.gravatar.com\\\/avatar\\\/e21b1762394429654fc6fef06c277cda68135f5c3801ce45b5bebac587ef96c3?s=96&d=mm&r=g\",\"caption\":\"jungepartner\"},\"url\":\"https:\\\/\\\/www.intercem.de\\\/fr\\\/author\\\/jungepartner\\\/\"}]}<\/script>\n<!-- \/ Yoast SEO plugin. -->","yoast_head_json":{"title":"C\u00f4te d\u2019Ivoire-Nouvelle commande pour Intercem par Sea Invest - Intercem","robots":{"index":"index","follow":"follow","max-snippet":"max-snippet:-1","max-image-preview":"max-image-preview:large","max-video-preview":"max-video-preview:-1"},"canonical":"https:\/\/www.intercem.de\/fr\/cote-divoire-nouvelle-commande-pour-intercem-par-sea-invest\/","og_locale":"fr_FR","og_type":"article","og_title":"C\u00f4te d\u2019Ivoire-Nouvelle commande pour Intercem par Sea Invest - Intercem","og_description":"&nbsp; &nbsp; En relation avec la commande en cours d\u2019une station de broyage et d\u2019emballage de ciment d\u2019une capacit\u00e9 de 8000 tpd [&hellip;]","og_url":"https:\/\/www.intercem.de\/fr\/cote-divoire-nouvelle-commande-pour-intercem-par-sea-invest\/","og_site_name":"Intercem","article_published_time":"2017-01-08T13:15:40+00:00","article_modified_time":"2022-01-12T13:19:54+00:00","og_image":[{"width":800,"height":570,"url":"https:\/\/www.intercem.de\/wp-content\/uploads\/Masterlayout_CIM-IVOIRE-klein.jpg","type":"image\/jpeg"}],"author":"jungepartner","twitter_card":"summary_large_image","twitter_misc":{"\u00c9crit par":"jungepartner","Dur\u00e9e de lecture estim\u00e9e":"1 minute"},"schema":{"@context":"https:\/\/schema.org","@graph":[{"@type":"Article","@id":"https:\/\/www.intercem.de\/fr\/cote-divoire-nouvelle-commande-pour-intercem-par-sea-invest\/#article","isPartOf":{"@id":"https:\/\/www.intercem.de\/fr\/cote-divoire-nouvelle-commande-pour-intercem-par-sea-invest\/"},"author":{"name":"jungepartner","@id":"https:\/\/www.intercem.de\/fr\/#\/schema\/person\/459e676f0cacfd4d8d4881bf48831864"},"headline":"C\u00f4te d\u2019Ivoire-Nouvelle commande pour Intercem par Sea Invest","datePublished":"2017-01-08T13:15:40+00:00","dateModified":"2022-01-12T13:19:54+00:00","mainEntityOfPage":{"@id":"https:\/\/www.intercem.de\/fr\/cote-divoire-nouvelle-commande-pour-intercem-par-sea-invest\/"},"wordCount":226,"commentCount":0,"publisher":{"@id":"https:\/\/www.intercem.de\/fr\/#organization"},"image":{"@id":"https:\/\/www.intercem.de\/fr\/cote-divoire-nouvelle-commande-pour-intercem-par-sea-invest\/#primaryimage"},"thumbnailUrl":"https:\/\/www.intercem.de\/wp-content\/uploads\/Masterlayout_CIM-IVOIRE-klein.jpg","articleSection":["Non classifi\u00e9(e)"],"inLanguage":"fr-FR","potentialAction":[{"@type":"CommentAction","name":"Comment","target":["https:\/\/www.intercem.de\/fr\/cote-divoire-nouvelle-commande-pour-intercem-par-sea-invest\/#respond"]}]},{"@type":"WebPage","@id":"https:\/\/www.intercem.de\/fr\/cote-divoire-nouvelle-commande-pour-intercem-par-sea-invest\/","url":"https:\/\/www.intercem.de\/fr\/cote-divoire-nouvelle-commande-pour-intercem-par-sea-invest\/","name":"C\u00f4te d\u2019Ivoire-Nouvelle commande pour Intercem par Sea Invest - Intercem","isPartOf":{"@id":"https:\/\/www.intercem.de\/fr\/#website"},"primaryImageOfPage":{"@id":"https:\/\/www.intercem.de\/fr\/cote-divoire-nouvelle-commande-pour-intercem-par-sea-invest\/#primaryimage"},"image":{"@id":"https:\/\/www.intercem.de\/fr\/cote-divoire-nouvelle-commande-pour-intercem-par-sea-invest\/#primaryimage"},"thumbnailUrl":"https:\/\/www.intercem.de\/wp-content\/uploads\/Masterlayout_CIM-IVOIRE-klein.jpg","datePublished":"2017-01-08T13:15:40+00:00","dateModified":"2022-01-12T13:19:54+00:00","breadcrumb":{"@id":"https:\/\/www.intercem.de\/fr\/cote-divoire-nouvelle-commande-pour-intercem-par-sea-invest\/#breadcrumb"},"inLanguage":"fr-FR","potentialAction":[{"@type":"ReadAction","target":["https:\/\/www.intercem.de\/fr\/cote-divoire-nouvelle-commande-pour-intercem-par-sea-invest\/"]}]},{"@type":"ImageObject","inLanguage":"fr-FR","@id":"https:\/\/www.intercem.de\/fr\/cote-divoire-nouvelle-commande-pour-intercem-par-sea-invest\/#primaryimage","url":"https:\/\/www.intercem.de\/wp-content\/uploads\/Masterlayout_CIM-IVOIRE-klein.jpg","contentUrl":"https:\/\/www.intercem.de\/wp-content\/uploads\/Masterlayout_CIM-IVOIRE-klein.jpg","width":800,"height":570,"caption":"Masterlayout CIM IVOIRE"},{"@type":"BreadcrumbList","@id":"https:\/\/www.intercem.de\/fr\/cote-divoire-nouvelle-commande-pour-intercem-par-sea-invest\/#breadcrumb","itemListElement":[{"@type":"ListItem","position":1,"name":"Startseite","item":"https:\/\/www.intercem.de\/fr\/startseite\/"},{"@type":"ListItem","position":2,"name":"C\u00f4te d\u2019Ivoire-Nouvelle commande pour Intercem par Sea Invest"}]},{"@type":"WebSite","@id":"https:\/\/www.intercem.de\/fr\/#website","url":"https:\/\/www.intercem.de\/fr\/","name":"Intercem","description":"","publisher":{"@id":"https:\/\/www.intercem.de\/fr\/#organization"},"potentialAction":[{"@type":"SearchAction","target":{"@type":"EntryPoint","urlTemplate":"https:\/\/www.intercem.de\/fr\/?s={search_term_string}"},"query-input":{"@type":"PropertyValueSpecification","valueRequired":true,"valueName":"search_term_string"}}],"inLanguage":"fr-FR"},{"@type":"Organization","@id":"https:\/\/www.intercem.de\/fr\/#organization","name":"Intersem","url":"https:\/\/www.intercem.de\/fr\/","logo":{"@type":"ImageObject","inLanguage":"fr-FR","@id":"https:\/\/www.intercem.de\/fr\/#\/schema\/logo\/image\/","url":"https:\/\/www.intercem.de\/wp-content\/uploads\/intercem-logo.svg","contentUrl":"https:\/\/www.intercem.de\/wp-content\/uploads\/intercem-logo.svg","width":"1024","height":"1024","caption":"Intersem"},"image":{"@id":"https:\/\/www.intercem.de\/fr\/#\/schema\/logo\/image\/"}},{"@type":"Person","@id":"https:\/\/www.intercem.de\/fr\/#\/schema\/person\/459e676f0cacfd4d8d4881bf48831864","name":"jungepartner","image":{"@type":"ImageObject","inLanguage":"fr-FR","@id":"https:\/\/secure.gravatar.com\/avatar\/e21b1762394429654fc6fef06c277cda68135f5c3801ce45b5bebac587ef96c3?s=96&d=mm&r=g","url":"https:\/\/secure.gravatar.com\/avatar\/e21b1762394429654fc6fef06c277cda68135f5c3801ce45b5bebac587ef96c3?s=96&d=mm&r=g","contentUrl":"https:\/\/secure.gravatar.com\/avatar\/e21b1762394429654fc6fef06c277cda68135f5c3801ce45b5bebac587ef96c3?s=96&d=mm&r=g","caption":"jungepartner"},"url":"https:\/\/www.intercem.de\/fr\/author\/jungepartner\/"}]}},"_links":{"self":[{"href":"https:\/\/www.intercem.de\/fr\/wp-json\/wp\/v2\/posts\/6495","targetHints":{"allow":["GET"]}}],"collection":[{"href":"https:\/\/www.intercem.de\/fr\/wp-json\/wp\/v2\/posts"}],"about":[{"href":"https:\/\/www.intercem.de\/fr\/wp-json\/wp\/v2\/types\/post"}],"author":[{"embeddable":true,"href":"https:\/\/www.intercem.de\/fr\/wp-json\/wp\/v2\/users\/1"}],"replies":[{"embeddable":true,"href":"https:\/\/www.intercem.de\/fr\/wp-json\/wp\/v2\/comments?post=6495"}],"version-history":[{"count":2,"href":"https:\/\/www.intercem.de\/fr\/wp-json\/wp\/v2\/posts\/6495\/revisions"}],"predecessor-version":[{"id":6497,"href":"https:\/\/www.intercem.de\/fr\/wp-json\/wp\/v2\/posts\/6495\/revisions\/6497"}],"wp:featuredmedia":[{"embeddable":true,"href":"https:\/\/www.intercem.de\/fr\/wp-json\/wp\/v2\/media\/6490"}],"wp:attachment":[{"href":"https:\/\/www.intercem.de\/fr\/wp-json\/wp\/v2\/media?parent=6495"}],"wp:term":[{"taxonomy":"category","embeddable":true,"href":"https:\/\/www.intercem.de\/fr\/wp-json\/wp\/v2\/categories?post=6495"},{"taxonomy":"post_tag","embeddable":true,"href":"https:\/\/www.intercem.de\/fr\/wp-json\/wp\/v2\/tags?post=6495"}],"curies":[{"name":"wp","href":"https:\/\/api.w.org\/{rel}","templated":true}]}}